{"id":3970,"date":"2013-05-10T09:47:36","date_gmt":"2013-05-10T09:47:36","guid":{"rendered":"http:\/\/www.windland.ch\/wordpress\/?p=3970"},"modified":"2013-06-18T15:58:37","modified_gmt":"2013-06-18T15:58:37","slug":"unbequeme-wahrheiten-zu-klimawandel-und-co2","status":"publish","type":"post","link":"https:\/\/www.windland.ch\/wordpress\/?p=3970","title":{"rendered":"Unbequeme Wahrheiten zu Klimawandel und CO2"},"content":{"rendered":"<p style=\"text-align: center;\"><img loading=\"lazy\" decoding=\"async\" class=\"aligncenter size-full wp-image-3971\" alt=\"fredfmue49\" src=\"http:\/\/windland.ch\/wordpress\/wp-content\/uploads\/fredfmue49.gif\" width=\"500\" height=\"375\" \/><em>Kalksteinklippen im Schweizer Jura<\/em><\/p>\n<h2><b>Die geologische CO<sub>2<\/sub>-Sackgasse<\/b><\/h2>\n<p><i>Mit dem Argument, dass sich das als Treibhausgas diffamierte CO<sub>2<\/sub> durch menschliche Aktivit\u00e4ten in der Atmosph\u00e4re immer weiter anreichert und dadurch eine Klimakatastrophe ausl\u00f6st, wird zurzeit versucht, die technische Zivilisation, auf der unser Wohlstand beruht, zu zerst\u00f6ren. Ahnungslose Politiker, clevere Gesch\u00e4ftemacher und auf Sponsoren angewiesene Professoren, die es eigentlich besser wissen m\u00fcssten, missbrauchen die Unerfahrenheit der Bev\u00f6lkerung, um Angst zu erzeugen. Diese Angst ist Ausgangspunkt katastrophaler Fehlentscheidungen wie der sogenannten Energiewende, mit der manche Profiteure reich werden. Ihr Gesch\u00e4ft bl\u00fcht, weil viele Menschen gar nicht wissen, in welchem Umfang hier wenig fundierte Halbwahrheiten verbreitet werden. Es ist daher dringend an der Zeit, einige einfach fassliche, aber wesentliche Fakten rund um das Thema CO<sub>2<\/sub> in den richtigen Zusammenhang zu stellen. <\/i><\/p>\n<p>Die Wissenschaft, so behaupten es die meisten Medien, sei sich in der Frage des Klimawandels weitgehend einig: Der Mensch sei dabei, das Klima in katastrophaler Weise zu destabilisieren. Die Anh\u00e4nger der Theorie vom menschengemachten Klimawandel (AGW, Antropogenic Global Warming) sehen als Hauptursache hierf\u00fcr die Verbrennung fossiler Rohstoffe, welche das als Treibhausgas bezeichnete CO<sub>2<\/sub> freisetzt [<a href=\"http:\/\/de.wikipedia.org\/wiki\/Kohlenstoffzyklus\" target=\"_blank\">WICC<\/a>, <a href=\"http:\/\/de.wikipedia.org\/wiki\/Kohlenstoffdioxid\" target=\"_blank\">WICO<\/a>]. Dadurch werde der eigentlich stabile CO<sub>2<\/sub>-Kreislauf unseres Planeten in fast schon irreparabler Weise gest\u00f6rt, siehe <b>Bild 1.<\/b><\/p>\n<p style=\"text-align: center;\"><b><img loading=\"lazy\" decoding=\"async\" class=\"aligncenter size-large wp-image-3972\" alt=\"fredfmue50\" src=\"http:\/\/windland.ch\/wordpress\/wp-content\/uploads\/fredfmue50-1024x744.gif\" width=\"520\" height=\"377\" srcset=\"https:\/\/www.windland.ch\/wordpress\/wp-content\/uploads\/fredfmue50-1024x744.gif 1024w, https:\/\/www.windland.ch\/wordpress\/wp-content\/uploads\/fredfmue50-150x109.gif 150w, https:\/\/www.windland.ch\/wordpress\/wp-content\/uploads\/fredfmue50-300x218.gif 300w\" sizes=\"auto, (max-width: 520px) 100vw, 520px\" \/><em>Bild 1<\/em><\/b><em>. Nach Auffassung der AGW-Anh\u00e4nger hat erst die industrielle Revolution einen dramatischen Anstieg der CO<sub>2<\/sub>-Konzentration in der Atmosph\u00e4re verursacht (Grafik: Wikipedia, Global Warming Art, Creative Commons)<\/em><\/p>\n<p>Ihre These besagt im Wesentlichen, dass sich die Freisetzung von CO<sub>2<\/sub> aus organischer Materie und seine erneute Bindung durch Fotosynthese seit hunderttausenden von Jahren mehr oder weniger im Gleichgewicht befanden. Dieses werde erst jetzt durch den vom Menschen verursachten CO<sub>2<\/sub>-Anstieg gef\u00e4hrdet: \u201e<em>Die CO<sub>2<\/sub>-Konzentration in der Atmosph\u00e4re war jahrtausendelang praktisch konstant und steigt erst an, seit wir dem System riesige Mengen an zus\u00e4tzlichem Kohlenstoff aus fossilen Lagerst\u00e4tten zuf\u00fchren<\/em>\u201c, erkl\u00e4rte hierzu der als Warner vor der sogenannten Klimakatastrophe zu Prominenz gekommene Prof. Stefan Rahmstorf vom Potsdam-Institut f\u00fcr Klimafolgenforschung in einem Focus-Artikel [<a href=\"http:\/\/www.focus.de\/wissen\/klima\/tid-8638\/diskussion_aid_234323.html\" target=\"_blank\">FORA<\/a>]. Im gleichen Beitrag sagte er aus, bei den vom Menschen verursachten Emissionen handele es sich um Milliarden Tonnen Kohlendioxid, die dem eigentlich stabilen Kohlenstoffkreislauf netto hinzugef\u00fcgt w\u00fcrden. \u00c4hnliche Auffassungen vertreten auch zahlreiche weitere Klimaforscher, so auch die Autoren der inzwischen kontrovers diskutierten \u201eHockeystick-Kurve\u201c (<b>Bild 2<\/b>) des bekannten AGW-Apologeten <a title=\"Michael E. Mann\" href=\"http:\/\/de.wikipedia.org\/wiki\/Michael_E._Mann\" target=\"_blank\">Michael E. Mann<\/a> [IPCC]. Am drastischsten aber formulierte es der US-Politiker Al Gore anl\u00e4sslich der Auszeichnung mit dem Nobelpreis: \u201e<em>Wir Menschen haben es mit einem globalen Notfall zu tun. Die Erde hat jetzt Fieber. Und das Fieber steigt<\/em>\u201c [<a href=\"http:\/\/www.focus.de\/politik\/zitate\/zitat_aid_228903.html\" target=\"_blank\">FOAL<\/a>].<\/p>\n<p style=\"text-align: center;\"><b><img loading=\"lazy\" decoding=\"async\" class=\"aligncenter size-full wp-image-3973\" alt=\"fredfmue51\" src=\"http:\/\/windland.ch\/wordpress\/wp-content\/uploads\/fredfmue51.gif\" width=\"500\" height=\"353\" \/><em>Bild 2<\/em><\/b><em>. Die \u201eHockeystick-Kurve\u201c: Rekonstruierte Temperatur (blau) und Thermometerdaten (rot), die Fehlergrenzen sind in grau gezeigt (Grafik: <a title=\"Michael E. Mann\" href=\"http:\/\/de.wikipedia.org\/wiki\/Michael_E._Mann\">Michael E. Mann<\/a>, <a title=\"Raymond S. Bradley\" href=\"http:\/\/de.wikipedia.org\/wiki\/Raymond_S._Bradley\">Raymond S. Bradley<\/a> und <a title=\"Malcolm K. Hughes (Seite nicht vorhanden)\" href=\"http:\/\/de.wikipedia.org\/w\/index.php?title=Malcolm_K._Hughes&amp;action=edit&amp;redlink=1\">Malcolm K. Hughes<\/a>, IPCC\/ Wikimedia Creative Commons)<\/em><\/p>\n<h2><b>Die Realit\u00e4t: CO<sub>2<\/sub>-R\u00fcckgang seit 600 Millionen Jahren<\/b><\/h2>\n<p>Ein v\u00f6llig anderes Bild zeichnet dagegen <a href=\"http:\/\/earthguide.ucsd.edu\/virtualmuseum\/Glossary_Climate\/gloss_a-f.shtml#bergerwh\" target=\"_blank\">Prof. Wolfgang H. Berger<\/a> von der University of California San Diego in einem auf der Homepage der Universit\u00e4t angebotenen Online-Kurs [<a href=\"http:\/\/earthguide.ucsd.edu\/virtualmuseum\/climatechange2\/07_1.shtml\" target=\"_blank\">CALU<\/a>], <b>Bild 3<\/b>. Demnach lag der CO<sub>2<\/sub>-Gehalt der Erdatmosph\u00e4re vor etwa 500-600 Millionen Jahren bis zu 20mal h\u00f6her als in den letzten paar Jahrhunderten vor der industriellen Revolution. Im Laufe der Zeit gab es dabei auch teils erhebliche Schwankungen. So begann der CO<sub>2<\/sub>-Gehalt vor etwa 450 Millionen Jahren erheblich abzusinken, bevor er vor rund 250 Millionen Jahren erneut auf etwa den f\u00fcnffachen heutigen Wert anstieg. Seither nimmt er \u2013 wenn auch mit einer Reihe von Schwankungen \u2013 im Prinzip kontinuierlich ab. Heute haben wir die seit 500-600 Millionen Jahren nahezu niedrigsten CO<sub>2<\/sub>-Konzentrationen in der Atmosph\u00e4re. W\u00fcrde man der obigen \u201eFieber\u201c-Argumentation folgen, dann h\u00e4tte die Erde vor Jahrmillionen fast schon kochen m\u00fcssen. So sprach der Schweizer Professor und IPCC-Berichts-Chef Thomas Stocker in einem Interview mit der Weltwoche am 11. 4. 2013 von einem Temperaturanstieg von 2 bis 4,5 \u00b0C pro Verdopplung des vorindustriellen CO<sub>2<\/sub>-Gehalts von 280 ppm [<a href=\"http:\/\/www.eike-klima-energie.eu\/news-cache\/ipcc-berichts-chef-thomas-stocker-zeigt-im-weltwoche-interview-unerklaerliche-gedaechtnisluecken-die-gespraechsanalyse-von-vahrenholt-und-luening\/\" target=\"_blank\">STOC<\/a>]. Zahllose Fossilien belegen jedoch, dass sich die Tier- und Pflanzenwelt fr\u00fcherer Zeiten trotz eines um bis zu 2000 % h\u00f6heren CO<sub>2<\/sub>-Gehalts im Gro\u03b2en und Ganzen bester Lebensbedingungen erfreute.<\/p>\n<p style=\"text-align: center;\"><b><img loading=\"lazy\" decoding=\"async\" class=\"aligncenter size-full wp-image-3975\" alt=\"fredfmue52\" src=\"http:\/\/windland.ch\/wordpress\/wp-content\/uploads\/fredfmue52.gif\" width=\"394\" height=\"266\" \/><em>Bild 3.<\/em><\/b><em> Entwicklung des CO<sub>2<\/sub>-Gehalts der Atmosph\u00e4re in den letzten ca. 570 Mio. Jahren. Der Parameter RCO<sub>2<\/sub> bezeichnet das Verh\u00e4ltnis des Massenanteils an CO<sub>2<\/sub> in der Atmosph\u00e4re des jeweiligen Zeitpunkts im Vergleich zum vorindustriellen Wert von ca. 300 ppm (Grafik: <a href=\"http:\/\/earthguide.ucsd.edu\/virtualmuseum\/Glossary_Climate\/gloss_a-f.shtml#bergerwh\" target=\"_blank\">W. H. Berger<\/a>)<\/em><\/p>\n<h2><b>Versauerung der Ozeane durch CO<sub>2<\/sub>?<\/b><\/h2>\n<p>Aus dem gleichen Grund stellt sich auch die Frage, wie ernst man Warnungen vor einer \u201eVersauerung\u201c der Ozeane durch ansteigende CO<sub>2<\/sub>-Gehalte nehmen sollte. Gest\u00fctzt auf diese Alarmrufe werden zurzeit gro\u03b2e Summen an Forschungsgeldern ausgelobt, um die vorgeblich nachteiligen Auswirkungen des CO<sub>2<\/sub>-Anstiegs auf maritime Lebewesen zu untersuchen. Besonders im Visier sind dabei Korallen und sonstige Lebewesen, die Kalkskelette oder Kalkschalen ausbilden. Ihnen soll der eher bescheidene Anstieg des CO<sub>2<\/sub>-Gehalts in der Atmosph\u00e4re von den vorindustriellen knapp 300 ppm auf heute etwa 390 ppm Sch\u00e4den zuf\u00fcgen, die sich nach Ansicht mancher Gelehrter erschwerend auf die F\u00e4higkeit zur Kalkabscheidung auswirken.<\/p>\n<p>Irgendwie scheint man jedoch einige 100 Millionen Jahre vor unserer Zeit vergessen zu haben, dies den damaligen Meereslebewesen mitzuteilen. Vermutlich aufgrund dieser Unkenntnis m\u00fcssen sich diese vom Kambrium bis zur Kreidezeit \u2013 rund 540 bis etwa 65 Mio. Jahre vor unserer Zeit \u2013 trotz eines bis zu 20fach h\u00f6heren CO<sub>2<\/sub>-Gehalts bester Gesundheit erfreut haben. \u00dcberall auf der Erde beweisen zahllose, teils hunderte von Metern dicke Kalk- und Kreideschichten, dass sie regelm\u00e4\u03b2ig imstande waren, gesunde und vollst\u00e4ndige Kalkskelette auszubilden, <b>Bild 4<\/b>. Angesichts dieser Tatsachen f\u00e4llt es schwer zu verstehen, wieso \u00fcberhaupt Gelder f\u00fcr Forschungsprojekte zu den angeblich negativen Auswirkungen der \u201eMeeresversauerung\u201c ausgegeben werden. Schliesslich h\u00e4lt die Geologie doch alle dazu nur w\u00fcnschbaren Gegenbeweise in Form gut erhaltener Kalkfossilien in nahezu unendlichen St\u00fcckzahlen bereit \u2013 man muss nur hinsehen und Eins und Eins zusammenz\u00e4hlen.<\/p>\n<p style=\"text-align: center;\"><em><b><img loading=\"lazy\" decoding=\"async\" class=\"aligncenter size-full wp-image-3976\" alt=\"fredfmue53\" src=\"http:\/\/windland.ch\/wordpress\/wp-content\/uploads\/fredfmue53.gif\" width=\"500\" height=\"363\" \/>Bild 4. <\/b>Im Kalk der Insel Gotland eingebettetes Fossil<\/em><\/p>\n<h2><b>Wohin ist das CO<sub>2<\/sub> entschwunden?<\/b><\/h2>\n<p>Da Atome unter den auf unserer Erde geltenden Bedingungen bekanntlich nicht verschwinden, stellt sich angesichts der heutigen niedrigen Werte die Frage, wo all das CO<sub>2<\/sub> gelandet ist, das vor Urzeiten in unserer Atmosph\u00e4re und unseren Ozeanen vorhanden war. Die Antwort ist leicht zu finden: Es ist nicht ins Weltall entwichen, sondern steckt im Erdboden. Und interessanterweise ist das Leben selbst die prim\u00e4re Ursache f\u00fcr dieses Verschwinden. Die \u00fcberwiegende Menge des vor Jahrmillionen vorhandenen CO<sub>2<\/sub> wurde zun\u00e4chst von Lebewesen aufgenommen und mit anderen Elementen und Molek\u00fclen zu nichtfl\u00fcchtigen k\u00f6rpereigenen Molek\u00fclen verbunden. Zu den wichtigsten der dabei gebildeten Substanzen geh\u00f6rt der bereits erw\u00e4hnte Kalk (Calciumcarbonat, CaCO<sub>3<\/sub>), das Material, das auch die Grundstruktur unserer Knochen bildet. Im Laufe von \u00c4onen haben sich in den Ozeanen daraus m\u00e4chtige Sedimentschichten gebildet <sup>2)<\/sup>. Rund 80 % der gesamten Kohlenstoffvorr\u00e4te der oberfl\u00e4chennahen Zonen der Erde sind heutzutage in Form von Kalkstein und Dolomit fest gebunden, <b>Bild 5<\/b>. Man muss sich vergegenw\u00e4rtigen, dass das darin gefangene CO<sub>2<\/sub> urspr\u00fcnglich aus der Atmosph\u00e4re bzw. den Ozeanen stammt, weil seine Bindung im Kalk \u00fcberwiegend durch lebende Organismen erfolgte, die es sich vorher per Fotosynthese und Nahrungskette einverleibt haben [<a href=\"http:\/\/de.wikipedia.org\/wiki\/Kalkstein\" target=\"_blank\">WIKI1<\/a>, <a href=\"http:\/\/www.kalk.de\/index.php?id=35\" target=\"_blank\">KALK<\/a>, <a href=\"http:\/\/www.mineralienatlas.de\/lexikon\/index.php\/Mineralienportrait\/Calcit\/Kalkgesteine\" target=\"_blank\">MIAT2<\/a>]. Durch diesen dauerhaften Einschluss im Kalk wurde Kohlenstoff, die Grundlage allen Lebens, nach und nach aus den nat\u00fcrlichen Kreisl\u00e4ufen entfernt. Weitere CO<sub>2<\/sub>-Senken der Erde sind neben den Kalkgesteinen noch die sogenannten Kerogene, das sind <a title=\"Leben\" href=\"http:\/\/de.wikipedia.org\/wiki\/Leben\" target=\"_blank\">organische<\/a> Bestandteile in alten Meeressedimenten, die durch Druck und Hitze umgewandelt wurden [GEO, <a href=\"http:\/\/de.wikipedia.org\/wiki\/Kerogen\" target=\"_blank\">WIKI2<\/a>], sowie als geradezu winzige Fraktion die Lagerst\u00e4tten von Kohle, Erd\u00f6l und Erdgas.<\/p>\n<p style=\"text-align: center;\"><b><img loading=\"lazy\" decoding=\"async\" class=\"aligncenter size-full wp-image-3977\" alt=\"fredfmue54\" src=\"http:\/\/windland.ch\/wordpress\/wp-content\/uploads\/fredfmue54.gif\" width=\"500\" height=\"402\" \/><em>Bild 5<\/em><\/b><em>. \u00dcberblick \u00fcber die aktuellen Mengen an Kohlenstoff in und auf der Erdkruste sowie in Atmosph\u00e4re und Ozeanen (Gashydrat@Tiefsee-Methanhydrat, B\u00f6den@Pedosph\u00e4re<sup>1)<\/sup>, Lebewesen@Biomasse)<\/em><\/p>\n<h2><b>Was hatten wir, wieviel ging verloren?<\/b><\/h2>\n<p>Schon der erste Blick auf Bild 5 zeigt, dass von den Mengen an Kohlenstoff bzw. gasf\u00f6rmigem CO<sub>2<\/sub>, die es einst in Atmosph\u00e4re und Ozeanen gab, nur noch kl\u00e4gliche Reste \u00fcbrig sind. Atmosph\u00e4re und Ozeane, Erdb\u00f6den (Pedosph\u00e4re<sup>1)<\/sup>) sowie alle zurzeit lebenden Tiere und Pflanzen enthalten gerade noch 0,05 % (0,5 Promille) dessen, was fr\u00fcheren Vertretern des Lebens auf unserem Planeten insgesamt zur Verf\u00fcgung stand. Im Vergleich zu den in Kalkstein und Kerogen gebundenen Mengen sind die uns bekannten Vorr\u00e4te an fossilen Brennstoffen \u2013 Kohle, Erd\u00f6l und Erdgas \u2013 mit nur etwa 5 Millionstel der Gesamtmenge geradezu l\u00e4cherlich gering.<\/p>\n<p>Interessant ist die Frage, wie sich die fr\u00fcher einmal verf\u00fcgbaren CO<sub>2<\/sub>-Mengen im Verh\u00e4ltnis zur gesamten Erdatmosph\u00e4re darstellen. Wenn man einmal ausrechnet, wieviel CO<sub>2<\/sub> im Verlauf der \u00c4onen in Gestein, Kerogen usw. umgewandelt wurde, so landet man bei etwa 275 Billiarden (275 * 10<sup>15<\/sup>) Tonnen \u2013 mehr als 50 Mal die Masse der gesamten heutigen Erdatmosph\u00e4re. Dies legt den Schluss nahe, dass es auf der Erde Kohlenstoffquellen gibt bzw. gegeben hat, die einen mehr oder weniger kontinuierlichen Zustrom an CO<sub>2<\/sub> in die Atmosph\u00e4re bewirkt haben, denn nach dem bereits erw\u00e4hnten aktuellen Stand der Wissenschaft wies die Atmosph\u00e4re in den letzten ca. 600 Mio. Jahren zu keiner Zeit st\u00e4ndige CO<sub>2<\/sub>-Gehalte von mehr als 1 % auf. Als wahrscheinlichste CO<sub>2<\/sub>-Quellen k\u00f6nnen Vulkanismus sowie die Verwitterung von Gesteinen angenommen werden.<\/p>\n<p style=\"text-align: center;\"><b><img loading=\"lazy\" decoding=\"async\" class=\"aligncenter size-full wp-image-3978\" alt=\"fredfmue55\" src=\"http:\/\/windland.ch\/wordpress\/wp-content\/uploads\/fredfmue55.gif\" width=\"404\" height=\"356\" \/><em>Bild 6. <\/em><\/b><em>Fossile Muscheln mit weitgehend erhaltener Kalkschale<\/em><\/p>\n<h2><b>Gefahr durch fossile Brennstoffe?<\/b><\/h2>\n<p>Eine der wichtigsten Erkenntnisse aus der Betrachtung der vorliegenden Zahlen ist, dass die heutige \u201eKlimawissenschaft\u201c augenscheinlich von Leuten dominiert wird, die ihre ganz eigenen Vorstellungen von den Grundregeln ernsthafter Wissenschaft entwickelt haben. Zumindest bis vor 40 Jahren galt es an naturwissenschaftlichen Fakult\u00e4ten noch als selbstverst\u00e4ndlich, dass man eine Aufgabenstellung erst einmal von allen Seiten und unter allen Aspekten zu betrachten hatte, bevor man anfing, Hypothesen aufzustellen und Beweisf\u00fchrungen aufzubauen. Dazu geh\u00f6rt bei langfristigen Entwicklungen untrennbar auch die historische Perspektive, und zwar \u00fcber ausreichend lange Zeitr\u00e4ume, um systematische Einfl\u00fcsse von zuf\u00e4llig bedingten Schwankungen unterscheiden zu k\u00f6nnen. H\u00e4lt man sich an diese Regel, so f\u00e4llt es schwer zu glauben, dass die j\u00e4hrliche Verbrennung von wenigen Promille eines Anteils von lediglich f\u00fcnf Millionstel (5 ppm) des urspr\u00fcnglich vorhandenen Kohlenstoffvorrats in und auf der Erdkruste bei unserem Planeten Fieberschauer ausl\u00f6sen und sein Klima irreparabel destabilisieren soll. Den AGW-Anh\u00e4ngern muss man vorhalten, sich bei ihrem Alarmismus wegen des angeblich stabil in der Atmosph\u00e4re verbleibenden CO<sub>2<\/sub> nicht ausreichend um die Frage gek\u00fcmmert zu haben, welche CO<sub>2<\/sub>-Kreisl\u00e4ufe es denn in der Natur \u00fcberhaupt gibt und wie sie wirken. Im \u00dcbrigen sollte man nicht vergessen, dass eisfreie Polkappen erdgeschichtlich den Normalzustand darstellen und etwa 80 bis 90 Prozent der <a title=\"Erdgeschichte\" href=\"http:\/\/de.wikipedia.org\/wiki\/Erdgeschichte\" target=\"_blank\">Erdgeschichte<\/a> ausmachen, w\u00e4hrend Zeiten mit vereisten <a title=\"Pol (Geographie)\" href=\"http:\/\/de.wikipedia.org\/wiki\/Pol_(Geographie)\">Polkappen<\/a> als Ausnahme gelten [<a href=\"http:\/\/de.wikipedia.org\/wiki\/Zwischeneiszeit\" target=\"_blank\">WIEI<\/a>].<\/p>\n<p><b><img loading=\"lazy\" decoding=\"async\" class=\"aligncenter size-full wp-image-3979\" alt=\"fredfmue56\" src=\"http:\/\/windland.ch\/wordpress\/wp-content\/uploads\/fredfmue56.gif\" width=\"481\" height=\"289\" \/>Bild 7.<\/b> Die Daten aus Bild 3 belegen einen seit rund 230 Mio. Jahren recht stabilen Abw\u00e4rtstrend des CO<sub>2<\/sub>-Gehalts der Atmosph\u00e4re. In dieser Zeit ist die Konzentration um 80 % gesunken<\/p>\n<p>Der Trick, mit dem die Vertreter der AGW-Hypothese arbeiten, ist schlicht der, dass sie die zeitliche Dimension so verk\u00fcrzen, bis der von ihnen gew\u00fcnschte Effekt \u201ebewiesen\u201c zu sein scheint. Die hier dargelegten Fakten legen dagegen zwei ganz andere \u201eunbequeme\u201c Hypothesen nahe: Erstens scheint die Klimawirksamkeit des CO<sub>2<\/sub> sehr viel geringer zu sein als von den AGW-Vertretern behauptet. Zweitens hat das verf\u00fcgbare CO<sub>2<\/sub> vor allem in den letzten 230 Mio. Jahren recht stetig abgenommen, <b>Bild 7<\/b>. Es ist sogar nicht auszuschlie\u03b2en, dass der Planet inzwischen diesbez\u00fcglich soweit verarmt ist, dass eine neue \u201eEis-Erde\u201c (Snowball Earth) [<a href=\"http:\/\/snowballearth.org\/when.html\" target=\"_blank\">SNOW<\/a>] viel eher drohen k\u00f6nnte als eine katastrophale Erw\u00e4rmung.<\/p>\n<p>&nbsp;<\/p>\n<p><em><sup>1)<\/sup> Als Pedosph\u00e4re wird die sogenannte \u201eBodenh\u00fclle\u201c mit Humus, Torf, Sedimenten und Mineralien bezeichnet. Die Pedosph\u00e4re markiert damit den Grenzbereich der <a title=\"Erdoberfl\u00e4che\" href=\"http:\/\/de.wikipedia.org\/wiki\/Erdoberfl%C3%A4che\">Erdoberfl\u00e4che<\/a>, in dem sich die <a title=\"Lithosph\u00e4re\" href=\"http:\/\/de.wikipedia.org\/wiki\/Lithosph%C3%A4re\">Lithosph\u00e4re<\/a>, die <a title=\"Hydrosph\u00e4re\" href=\"http:\/\/de.wikipedia.org\/wiki\/Hydrosph%C3%A4re\">Hydrosph\u00e4re<\/a>, die <a title=\"Erdatmosph\u00e4re\" href=\"http:\/\/de.wikipedia.org\/wiki\/Erdatmosph%C3%A4re\">Atmosph\u00e4re<\/a> und die <a title=\"Biosph\u00e4re\" href=\"http:\/\/de.wikipedia.org\/wiki\/Biosph%C3%A4re\">Biosph\u00e4re<\/a> \u00fcberschneiden. Ihre Masse wird mit 1.500 Mrd t angegeben. [<a href=\"http:\/\/de.wikipedia.org\/wiki\/Pedosph%C3%A4re\" target=\"_blank\">WIPE<\/a>]<\/em><\/p>\n<p><em><sup>2)<\/sup> Nat\u00fcrlich gibt es auch zahlreiche und vielf\u00e4ltige sekund\u00e4re Kalksteinformationen, die nicht direkt durch Bindung von gasf\u00f6rmigem CO<sub>2<\/sub> entstanden sind. Dies kann jedoch f\u00fcr die hier angestellten Betrachtungen vernachl\u00e4ssigt werden, da solche sekund\u00e4ren Gesteine aus prim\u00e4ren Ablagerungen hervorgegangen sind, auf welche das Hauptargument des Artikels wiederum zutrifft. \u00c4hnliches gilt auch f\u00fcr den Dolomit (CaMg[CO<sub>3<\/sub>]<sub>2<\/sub>), der laut Wikipedia im Wesentlichen durch Wechselwirkung von magnesiumhaltigen <a title=\"Hydrothermale L\u00f6sung\" href=\"http:\/\/de.wikipedia.org\/wiki\/Hydrothermale_L%C3%B6sung\">L\u00f6sungen<\/a> mit Calcit-Sedimenten wie Riffkalkstein entstanden ist.<\/em><\/p>\n<h2><b>Quellen<\/b><\/h2>\n<p><em>[<a href=\"http:\/\/earthguide.ucsd.edu\/virtualmuseum\/climatechange2\/07_1.shtml\" target=\"_blank\">CALU<\/a>] Berger, W. H.: Carbon Dioxide through Geologic Time, http:\/\/earthguide.ucsd.edu\/virtualmuseum\/climatechange2\/07_1.shtml, abgerufen 21.4.2013<\/em><\/p>\n<p><em>[<a href=\"http:\/\/www.focus.de\/politik\/zitate\/zitat_aid_228903.html\" target=\"_blank\">FOAL<\/a>] http:\/\/www.focus.de\/politik\/zitate\/zitat_aid_228903.html, abgerufen am 2.5.2013<\/em><\/p>\n<p><em>[<a href=\"http:\/\/www.focus.de\/wissen\/klima\/tid-8638\/diskussion_aid_234323.html\" target=\"_blank\">FORA<\/a>] Klimawaage au\u00dfer Balance, FOCUS Magazin http:\/\/www.focus.de\/wissen\/klima\/tid-8638\/diskussion_aid_234323.html, abgerufen am 21.4.2013<\/em><\/p>\n<p><em>[<a href=\"http:\/\/www.geodz.com\/deu\/d\/Kerogen\" target=\"_blank\">GEODZ<\/a>] http:\/\/www.geodz.com\/deu\/d\/Kerogen, abgerufen am 24.4.2013<\/em><\/p>\n<p><em>[IPCC] Fig. 2.20 des dritten Berichts des Intergovernmental Panel on Climate Change (IPCC) der UNO<\/em><\/p>\n<p><em>[<a href=\"http:\/\/www.kalk.de\/index.php?id=35\" target=\"_blank\">KALK<\/a>] Kalk \u2013 ein Rohstoff aus Schalen und Knochen, http:\/\/www.kalk.de\/index.php?id=35, abgerufen am 20.4.2013<\/em><\/p>\n<p><em>[<a href=\"http:\/\/www.mineralienatlas.de\/lexikon\/index.php\/Mineralienportrait\/Calcit\/Kalkgesteine\" target=\"_blank\">MIAT2<\/a>] Kalkgesteine, Mineralienatlas, http:\/\/www.mineralienatlas.de\/lexikon\/index.php\/Mineralienportrait\/Calcit\/Kalkgesteine, abgerufen am 20.4.2013<\/em><\/p>\n<p><em>[<a href=\"http:\/\/snowballearth.org\/when.html\" target=\"_blank\">SNOW<\/a>] http:\/\/snowballearth.org\/when.html, abgerufen am 22.4.2013<\/em><\/p>\n<p><em>[<a href=\"http:\/\/www.eike-klima-energie.eu\/news-cache\/ipcc-berichts-chef-thomas-stocker-zeigt-im-weltwoche-interview-unerklaerliche-gedaechtnisluecken-die-gespraechsanalyse-von-vahrenholt-und-luening\/\" target=\"_blank\">STOC<\/a>] http:\/\/www.eike-klima-energie.eu\/news-cache\/ipcc-berichts-chef-thomas-stocker-zeigt-im-weltwoche-interview-unerklaerliche-gedaechtnisluecken-die-gespraechsanalyse-von-vahrenholt-und-luening\/ abgerufen am 1.5.2013<\/em><\/p>\n<p><em>[<a href=\"http:\/\/de.wikipedia.org\/wiki\/Kohlenstoffzyklus\" target=\"_blank\">WICC<\/a>] Kohlenstoffzyklus, Wikipedia, http:\/\/de.wikipedia.org\/wiki\/Kohlenstoffzyklus, abgerufen 21.4.2013<\/em><\/p>\n<p><em>[<a href=\"http:\/\/de.wikipedia.org\/wiki\/Kohlenstoffdioxid\" target=\"_blank\">WICO<\/a>] Kohlenstoffdioxid, Wikipedia, http:\/\/de.wikipedia.org\/wiki\/Kohlenstoffdioxid, abgerufen 21.4.2013<\/em><\/p>\n<p><em>[<a href=\"http:\/\/de.wikipedia.org\/wiki\/Zwischeneiszeit\" target=\"_blank\">WIEI<\/a>] <a href=\"http:\/\/de.wikipedia.org\/wiki\/Zwischeneiszeit\">http:\/\/de.wikipedia.org\/wiki\/Zwischeneiszeit<\/a>, abgerufen am 10.5.2013<\/em><\/p>\n<p><em>[<a href=\"http:\/\/de.wikipedia.org\/wiki\/Kalkstein\" target=\"_blank\">WIKI1<\/a>] Kalkstein, Wikipedia, http:\/\/de.wikipedia.org\/wiki\/Kalkstein, abgerufen am 21.4.2013<\/em><\/p>\n<p><em>[<a href=\"http:\/\/de.wikipedia.org\/wiki\/Kerogen\" target=\"_blank\">WIKI2<\/a>] Kerogen, Wikipedia, http:\/\/de.wikipedia.org\/wiki\/Kerogen, abgerufen am 24.4.2013<\/em><\/p>\n<p><em>[<a href=\"http:\/\/de.wikipedia.org\/wiki\/Pedosph%C3%A4re\" target=\"_blank\">WIPE<\/a>] http:\/\/de.wikipedia.org\/wiki\/Pedosph%C3%A4re\u00a0 abgerufen am 1.5.2013<\/em><\/p>\n","protected":false},"excerpt":{"rendered":"<p>Kalksteinklippen im Schweizer Jura Die geologische CO2-Sackgasse Mit dem Argument, dass sich das als Treibhausgas diffamierte CO2 durch menschliche Aktivit\u00e4ten in der Atmosph\u00e4re immer weiter anreichert und dadurch eine Klimakatastrophe ausl\u00f6st, wird zurzeit versucht, die technische Zivilisation, auf der unser Wohlstand beruht, zu zerst\u00f6ren. Ahnungslose Politiker, clevere Gesch\u00e4ftemacher und auf Sponsoren angewiesene Professoren, die es [&hellip;]<\/p>\n","protected":false},"author":259,"featured_media":0,"comment_status":"closed","ping_status":"open","sticky":false,"template":"","format":"standard","meta":{"footnotes":""},"categories":[1,7,30,25,33],"tags":[],"class_list":["post-3970","post","type-post","status-publish","format-standard","hentry","category-allgemein","category-die-co2-debatte","category-fanatismus-der-okofundis","category-grundlagenwissen","category-wirtschaftliche-folgen"],"_links":{"self":[{"href":"https:\/\/www.windland.ch\/wordpress\/index.php?rest_route=\/wp\/v2\/posts\/3970","targetHints":{"allow":["GET"]}}],"collection":[{"href":"https:\/\/www.windland.ch\/wordpress\/index.php?rest_route=\/wp\/v2\/posts"}],"about":[{"href":"https:\/\/www.windland.ch\/wordpress\/index.php?rest_route=\/wp\/v2\/types\/post"}],"author":[{"embeddable":true,"href":"https:\/\/www.windland.ch\/wordpress\/index.php?rest_route=\/wp\/v2\/users\/259"}],"replies":[{"embeddable":true,"href":"https:\/\/www.windland.ch\/wordpress\/index.php?rest_route=%2Fwp%2Fv2%2Fcomments&post=3970"}],"version-history":[{"count":0,"href":"https:\/\/www.windland.ch\/wordpress\/index.php?rest_route=\/wp\/v2\/posts\/3970\/revisions"}],"wp:attachment":[{"href":"https:\/\/www.windland.ch\/wordpress\/index.php?rest_route=%2Fwp%2Fv2%2Fmedia&parent=3970"}],"wp:term":[{"taxonomy":"category","embeddable":true,"href":"https:\/\/www.windland.ch\/wordpress\/index.php?rest_route=%2Fwp%2Fv2%2Fcategories&post=3970"},{"taxonomy":"post_tag","embeddable":true,"href":"https:\/\/www.windland.ch\/wordpress\/index.php?rest_route=%2Fwp%2Fv2%2Ftags&post=3970"}],"curies":[{"name":"wp","href":"https:\/\/api.w.org\/{rel}","templated":true}]}}