{"id":346,"date":"2010-02-01T10:38:07","date_gmt":"2010-02-01T10:38:07","guid":{"rendered":"http:\/\/www.windland.ch\/wordpress\/?p=346"},"modified":"2010-07-06T21:38:16","modified_gmt":"2010-07-06T21:38:16","slug":"der-heitersberg-hat-einen-bruder-schwyberg","status":"publish","type":"post","link":"https:\/\/www.windland.ch\/wordpress\/?p=346","title":{"rendered":"Der Heitersberg hat einen Bruder: Schwyberg"},"content":{"rendered":"<p>In diesen Tagen erreicht uns die freudige Mitteilung, dass der Verein &#8222;Rettet den Schwyberg&#8220; nun auch auf dem Internet pr\u00e4sent ist. Damit wird die wachsende Opposition gegen die unsinnigen Windkraftwerke in der Schweiz zus\u00e4tzlich gest\u00e4rkt.<\/p>\n<p>Mit dem Verein &#8222;Rettet den Schwyberg&#8220; verbindet uns eine Freundschaft, die mit dem Podiumsgespr\u00e4ch gegen die Windradlobby im Herbst letzten Jahres begonnen hat.<\/p>\n<p>Auf dem Schwyberg will die Greenwatt SA 9 Turbinen des Typs ENERCON 82, mit einer Nabenh\u00f6he von 98 Metern aufstellen. Den Umweltvertr\u00e4glichkeitsbericht (UVB) zum Windpark Schwyberg\u00a0 hat die IG WINDLAND einer vertieften Kontrolle unterzogen und ist zu katastrophalen Ergebnissen gekommen. Ein <a title=\"Umweltvertr\u00e4glichkeitsbericht UVB Windpark Schwyberg\" href=\"http:\/\/windland.ch\/wordpress\/2009\/12\/08\/umweltvertraglichkeitsbericht-schwyberg-die-analyse\/\" target=\"_self\">Gef\u00e4lligkeitsgutachten f\u00fcr die Windradlobby<\/a> par excellence!<\/p>\n<p>Hier der Link zu unseren Freunden: <a title=\"Verein Rettet den Schwyberg\" href=\"http:\/\/www.rettet-den-schwyberg.ch\/13701.html\" target=\"_blank\">www.rettet-den-schwyberg.ch<\/a><\/p>\n","protected":false},"excerpt":{"rendered":"<p>In diesen Tagen erreicht uns die freudige Mitteilung, dass der Verein &#8222;Rettet den Schwyberg&#8220; nun auch auf dem Internet pr\u00e4sent ist. Damit wird die wachsende Opposition gegen die unsinnigen Windkraftwerke in der Schweiz zus\u00e4tzlich gest\u00e4rkt. Mit dem Verein &#8222;Rettet den Schwyberg&#8220; verbindet uns eine Freundschaft, die mit dem Podiumsgespr\u00e4ch gegen die Windradlobby im Herbst letzten [&hellip;]<\/p>\n","protected":false},"author":2,"featured_media":0,"comment_status":"closed","ping_status":"open","sticky":false,"template":"","format":"standard","meta":{"footnotes":""},"categories":[19],"tags":[],"class_list":["post-346","post","type-post","status-publish","format-standard","hentry","category-rettet-den-schwyberg"],"_links":{"self":[{"href":"https:\/\/www.windland.ch\/wordpress\/index.php?rest_route=\/wp\/v2\/posts\/346","targetHints":{"allow":["GET"]}}],"collection":[{"href":"https:\/\/www.windland.ch\/wordpress\/index.php?rest_route=\/wp\/v2\/posts"}],"about":[{"href":"https:\/\/www.windland.ch\/wordpress\/index.php?rest_route=\/wp\/v2\/types\/post"}],"author":[{"embeddable":true,"href":"https:\/\/www.windland.ch\/wordpress\/index.php?rest_route=\/wp\/v2\/users\/2"}],"replies":[{"embeddable":true,"href":"https:\/\/www.windland.ch\/wordpress\/index.php?rest_route=%2Fwp%2Fv2%2Fcomments&post=346"}],"version-history":[{"count":0,"href":"https:\/\/www.windland.ch\/wordpress\/index.php?rest_route=\/wp\/v2\/posts\/346\/revisions"}],"wp:attachment":[{"href":"https:\/\/www.windland.ch\/wordpress\/index.php?rest_route=%2Fwp%2Fv2%2Fmedia&parent=346"}],"wp:term":[{"taxonomy":"category","embeddable":true,"href":"https:\/\/www.windland.ch\/wordpress\/index.php?rest_route=%2Fwp%2Fv2%2Fcategories&post=346"},{"taxonomy":"post_tag","embeddable":true,"href":"https:\/\/www.windland.ch\/wordpress\/index.php?rest_route=%2Fwp%2Fv2%2Ftags&post=346"}],"curies":[{"name":"wp","href":"https:\/\/api.w.org\/{rel}","templated":true}]}}