{"id":3117,"date":"2012-08-22T07:39:28","date_gmt":"2012-08-22T07:39:28","guid":{"rendered":"http:\/\/www.windland.ch\/wordpress\/?p=3117"},"modified":"2012-10-26T11:17:16","modified_gmt":"2012-10-26T11:17:16","slug":"deutschland-denkt-uber-die-abschaffung-der-subventionen-nach-die-schweiz-will-sie-ausbauen","status":"publish","type":"post","link":"https:\/\/www.windland.ch\/wordpress\/?p=3117","title":{"rendered":"Deutschland denkt \u00fcber die Abschaffung der Subventionen nach, die Schweiz will sie ausbauen"},"content":{"rendered":"<h3>Unbezahlbar und sozial ungerecht<\/h3>\n<p><a href=\"http:\/\/windland.ch\/wordpress\/2012\/08\/01\/das-grune-paradoxon-eine-zusammenfassung-fur-dummies\/\">Deutsche \u00d6konomen wie Hans-Werner Sinn<\/a> haben es schon seit Jahren angeprangert: Die Subvention der erneuerbaren Energiequellen ist unsinnig und wird je l\u00e4nger je mehr unbezahlbar. Sie f\u00fchrt zu einer ungerechten Umverteilung von unten nach oben. Der hessische FDP Wirtschaftsminister <strong>Florian Rentsch<\/strong> verlangt in seinem <a href=\"http:\/\/www.faz.net\/aktuell\/wirtschaft\/energiewende-fdp-wirtschaftsminister-will-eeg-abschaffen-11861472.html\" target=\"_blank\">Interview in der FAZ vom 19. August 2012<\/a> den Ausstieg aus dem F\u00f6rdersystem des EEG (Erneuerbare Energie Gesetz):<\/p>\n<blockquote><p><em>\u201eDas EEG ist innovations- und wettbewerbshemmend und geh\u00f6rt daher abgeschafft\u201c,<\/em><\/p><\/blockquote>\n<p><strong>Horst Buttlar<\/strong> von der <a href=\"http:\/\/www.ftd.de\/politik\/deutschland\/:windkraft-das-schmutzige-geheimnis-der-energiewende\/70076643.html\" target=\"_blank\">Finanzial Times Deutschland ( 20. August 2012)<\/a> bringt den asozialen Charakter dieses Systems auf den Punkt:<\/p>\n<blockquote><p><em>&#8222;Sie [die Energiewende, Anm. Autor] ist aber auch eines der gr\u00f6\u00dften Umverteilungsprogramme von unten nach oben, die Deutschland seit Langem erlebt hat. Es spaltet die Gesellschaft in jene, die produzieren (auf 20 Jahre garantiert), und jene, die verbrauchen. St\u00f6rt das eigentlich jemanden in der SPD oder bei den Gr\u00fcnen, die sonst immer vereinen oder von oben nach unten umverteilen wollen?&#8220;<\/em><\/p><\/blockquote>\n<p>und:<\/p>\n<blockquote><p><em>&#8222;Langsam wird uns bewusst, dass diese <a title=\"Energiewende - News\" href=\"http:\/\/www.ftd.de\/thema\/energiewende\" target=\"_blank\"><strong>Energiewende<\/strong><\/a> nicht nur stockt &#8211; sondern ein schmutziges Geheimnis hat. Langsam sickert es durch, so wie vor einigen Tagen, als Verbrauchersch\u00fctzer \u00fcber die hohen Strompreise klagten: 2007 zahlte jeder Haushalt im Schnitt 35 Euro f\u00fcr <a title=\"alternative Energien - News\" href=\"http:\/\/www.ftd.de\/thema\/alternative-energien\" target=\"_blank\"><strong>alternative Energien<\/strong><\/a>. Ab 2013, wenn die Umlage von 3,5 Cent auf \u00fcber 5 Cent steigt, werden es 185 Euro sein.&#8220;<\/em><\/p><\/blockquote>\n<h3>Auch der deutsche Umweltminister will Subventionen pr\u00fcfen<\/h3>\n<p>Der deutsche Bundesumweltminister Peter Altmaier <a href=\"http:\/\/www.zeit.de\/politik\/deutschland\/2012-08\/altmaier-oekostrom-eeg\" target=\"_blank\">will die Subventionen \u00fcberpr\u00fcfen <\/a>und stellt sogar deren komplette Abschaffung in den n\u00e4chsten Jahren in Aussicht. Er kritisiert vor allem die steigenden Strompreise als direkte Folge dieser umstrittenen Unterst\u00fctzung f\u00fcr erneuerbare Energieen. Sein Kabinettskollege Philipp R\u00f6sler, der Bundeswirtschaftsminister (FDP), <a href=\"http:\/\/www.zeit.de\/politik\/deutschland\/2012-08\/wirtschaftsministerium-roesler-energiewende\" target=\"_blank\">will das auch ganz intensiv tun<\/a> und \u00e4ussert sich dazu wie folgt:<\/p>\n<blockquote><p>&#8222;<em>Wir brauchen bei den erneuerbaren Energien nicht nur eine K\u00fcrzung der F\u00f6rders\u00e4tze, sondern ein neues System. Die Reform der \u00d6kostromf\u00f6rderung ist entscheidend.&#8220;<\/em><\/p><\/blockquote>\n<h3>Was macht die Schweiz?<\/h3>\n<p>Anstelle wie beim EEG die dringende Korrektur des Subventionsfehlers den Deutschen ebenfalls abzukupfern, <a href=\"http:\/\/www.parlament.ch\/D\/mm\/2012\/Seiten\/mm-urek-n-2012-08-21.aspx\" target=\"_blank\">beschliesst die daf\u00fcr zust\u00e4ndige Kommission des Nationalrates<\/a> das F\u00f6rderprogramm ungeachtet der Kritik weiter <strong><em>auszubauen<\/em><\/strong>. Trotz der Tatsache, dass die schweizerischen F\u00f6rdergelder des KEV bei Windr\u00e4dern schon doppelt so hoch ausfallen wie in Deutschland! Diese unsinnige Entscheidung wundert \u00fcberhaupt nicht, wenn man in Betracht zieht, dass der Vorsitzende dieser Kommission, Nationalrat <strong>Eric Nussbaumer<\/strong>, eng mit der Firma ADEV Windkraft AG verbandelt ist, welche gerne noch ein paar Windkraftwerke zus\u00e4ztlich subventioniert erhalten w\u00fcrde.<\/p>\n<blockquote><p><em>&#8222;Die Kommission hat im Rahmen einer parlamentarischen Initiative (<a href=\"http:\/\/www.parlament.ch\/d\/suche\/Seiten\/geschaefte.aspx?gesch_id=20120400\">12.400<\/a>), die sie selbst einreichte und der die st\u00e4nder\u00e4tliche Schwesterkommission im Juni zustimmte, eine punktuelle Revision des Energiegesetzes ausgearbeitet mit dem Ziel, mehr Projekte zur Stromproduktion aus erneuerbaren Energien in die Realisierung zu f\u00fchren und gleichzeitig f\u00fcr die im internationalen Wettbewerb energieintensiven Betriebe weitere Entlastungen vorzusehen.&#8220;<\/em><\/p><\/blockquote>\n<h3>Sie wirft dem b\u00f6sem Hund einen K\u00f6der hin &#8230;<\/h3>\n<p>Als typisch schweizerisches Filz-Z\u00fcckerchen werden die &#8222;grossen Verbraucher&#8220; von den Abgaben entlastet. Damit fallen die gr\u00f6ssten Kritiker im politischen Meinungsbildungsprozess weg. Der kleine Mann und die kleine Frau, die das Geschenk der nationalr\u00e4tlichen Energikomission an die Wirtschaft aus den privaten Taschen bezahlen m\u00fcssen, haben ja keine Lobby. Es zeigt sich jetzt brutal, wie der extreme Weg Deutschlands vom schweizer Bundesamt f\u00fcr Energie nur als Vorwand kopiert wurde. Noch viel eindeutiger als in Deutschland ging es nie um die alternative Stromerzeugung, sondern von Beginn weg um Ideologie (Abschaffung der KKW) und den schn\u00f6den Mammon der Wirtschaft, der Suisse Eole und der Swiss Solar.<\/p>\n<h3>&#8230; und l\u00e4sst den gr\u00fcnen Politikfilz kr\u00e4ftig abkassieren<\/h3>\n<p>Die ADEV Windkraft AG wurde daf\u00fcr bekannt, dass sie in Saint Brais eine <a href=\"http:\/\/windland.ch\/wordpress\/2010\/03\/19\/saint-brais-dummheit-spricht-sich-herum\/\">Windkraftanlage in einer Entfernung von lediglich 300 Meter zu bewohnten Geb\u00e4uden installiert hat<\/a>. <strong>Eric Nussbaumer<\/strong> ist ein Vertreter des gr\u00fcnen Filzes aus der Region Basel. Dieser Filz hat seit Jahren systematisch in allen wichtigen Positionen der Politik, den Verb\u00e4nden und Beh\u00f6rden Einsitz genommen, um diese grossangelegte Umverteilung von Subventionsgeldern in schn\u00f6dester Weise auf die ganz privaten M\u00fchlen der gr\u00fcnen und linken Lobby zu leiten. Um die Firma ADEV Windkraft AG scharen sich einige bekannte Namen des &#8222;<em>gr\u00fcnen Energiedaigs<\/em>&#8222;. Sie wechseln ihre Funktionen wie die Unterw\u00e4sche, damit sie f\u00fcr die Kritiker dieses Filzes nicht so leicht greifbar werden:<\/p>\n<ul>\n<li>Rudolf Rechsteiner (Alt Nationalrat SP, Verwaltungsrat ADEV, Pr\u00e4sident ADEV, Gesch\u00e4ftsf\u00fchrer ADEV, umtriebiger Schriftsteller zu gr\u00fcnen Themen, Vortragsreisender bis nach Moskau, empfindet sich als Guru der gr\u00fcnen Szene Schweiz, leidet wie seine Genossen an fortgeschrittener Unfehlbarkeit)<\/li>\n<li>Beat Jans (SP, ProNatura, wichtige Funktion in der Organisation &#8222;Nie Wieder Atomkraftwerke&#8220;, Nachfolger von Rudolf Rechsteiner im Nationalrat)<\/li>\n<li>Robert Horbaty (Gesch\u00e4ftsf\u00fchrer Suisse Eole, Gesch\u00e4ftsf\u00fchrer und Verwaltungsrat ADEV Windkraft AG, Besitzer und Gesch\u00e4ftsf\u00fchrer der ENCO Energieconsulting AG, h\u00e4ufige Auftragsnehmerin des Bundesamtes f\u00fcr Energie,<em><span style=\"color: #ff0000;\"><strong> &#8222;freier<\/strong><\/span><\/em> <em><strong><span style=\"color: #ff0000;\">Projektleiter im Bundesamt f\u00fcr Energie&#8220;<\/span><\/strong><\/em>\u00a0 (<em>H\u00fcsteln oder Schmunzeln strengstens untersagt<\/em>) , ist dort f\u00fcr Auswertungen, Projekte und deren Ergebnisse zust\u00e4ndig, hat direkten Einfluss auf die Aussagen des Bundesamtes f\u00fcr Energie)<\/li>\n<li>Reto Rigassi (Gesch\u00e4ftsf\u00fchrer Suisse Eole, Partner der ENCO Energieconsulting AG, Gesch\u00e4ftsf\u00fchrer der Aargauer Sektion der Organisation &#8222;Nie Wieder Atomkraftwerke&#8220;, NWA)<\/li>\n<li>Eric Nussbaumer (SP, Funktion oben erw\u00e4hnt)<\/li>\n<\/ul>\n<h3 style=\"text-align: left;\">Das graue Mittelalter kehrt zur\u00fcck<\/h3>\n<p style=\"text-align: left;\">Das ist nur die Spitze des verfilzten Eisberges. Diese Lobbyisten und viele ihrer Lakaien in Beh\u00f6rden, Wirtschaft und Politik sind schuld an der totalen Misere unserer verknorzten Umweltpolitik. Wer in Zukunft auch Zwangsabgaben auf Strom im Umfang von j\u00e4hrlichen CHF 200.- f\u00fcr die Geldbeutel dieser Leute leisten will, muss weiterhin kr\u00e4ftig links, gr\u00fcn und m\u00f6glichst alternativ abstimmen. Wir gratulieren dem Stimmvolk zum proaktiven, freiwilligen Gr\u00fcssen von Gesslers Hut! Die Abgabepolitik des Mittelalters ist denn auch nahe verwandt mit der heutigen Fiskalpolitik des Bundesrates und der linken Politik im Allgemeinen. Ich habe als Sch\u00fcler geglaubt, Gessler sei eine Metapher der <em>Geschichte<\/em>, aber er entspricht wohl eher unserer politischen <em>Zukunft<\/em>.<\/p>\n<h3>Linke, gr\u00fcne und Wendeh\u00e4lse zuvorderst im Kampf gegen die kleinen Leute<\/h3>\n<p>Wenn jemand nun auf die strahlende Idee kommt, es g\u00e4be als Rettung die linken Parteien, die den kleinen Mann so gerne zu vertreten vorgeben, t\u00e4uscht er oder sie sich gewaltig. Wenn schon, sind es b\u00fcrgerliche Politiker (wie auch in Deutschland), die diese unsoziale Umverteilung abschaffen wollen. SP, Gr\u00fcne, Gr\u00fcnliberale und selbst die BDP wollen den blinden Ausbau der Subventionen f\u00fcr erneuerbare Energie unterst\u00fctzten. Lediglich die FDP und die SVP stehen diesem Unsinn kritisch bis ablehnend gegen\u00fcber. Die beiden Parteien bezahlten diese Standfestigkeit vor den letzten Wahlen mit einer massiven Abstrafung durch die desinformierten W\u00e4hler. Also explizit auch wegen der kleinen Leute, die in Zukunft unwissentlich unter der Energiepolitik von SP, Gr\u00fcnen, Gr\u00fcnliberalen und wendeh\u00e4lsigen B\u00fcrgerlichen zu leiden haben und noch leiden werden. O tempora o mores!<\/p>\n","protected":false},"excerpt":{"rendered":"<p>Unbezahlbar und sozial ungerecht Deutsche \u00d6konomen wie Hans-Werner Sinn haben es schon seit Jahren angeprangert: Die Subvention der erneuerbaren Energiequellen ist unsinnig und wird je l\u00e4nger je mehr unbezahlbar. Sie f\u00fchrt zu einer ungerechten Umverteilung von unten nach oben. Der hessische FDP Wirtschaftsminister Florian Rentsch verlangt in seinem Interview in der FAZ vom 19. August [&hellip;]<\/p>\n","protected":false},"author":2,"featured_media":0,"comment_status":"closed","ping_status":"open","sticky":false,"template":"","format":"standard","meta":{"footnotes":""},"categories":[3,1,30,20,9],"tags":[],"class_list":["post-3117","post","type-post","status-publish","format-standard","hentry","category-abstande","category-allgemein","category-fanatismus-der-okofundis","category-personen-und-dialoge","category-die-profiteure-von-windkraft"],"_links":{"self":[{"href":"https:\/\/www.windland.ch\/wordpress\/index.php?rest_route=\/wp\/v2\/posts\/3117","targetHints":{"allow":["GET"]}}],"collection":[{"href":"https:\/\/www.windland.ch\/wordpress\/index.php?rest_route=\/wp\/v2\/posts"}],"about":[{"href":"https:\/\/www.windland.ch\/wordpress\/index.php?rest_route=\/wp\/v2\/types\/post"}],"author":[{"embeddable":true,"href":"https:\/\/www.windland.ch\/wordpress\/index.php?rest_route=\/wp\/v2\/users\/2"}],"replies":[{"embeddable":true,"href":"https:\/\/www.windland.ch\/wordpress\/index.php?rest_route=%2Fwp%2Fv2%2Fcomments&post=3117"}],"version-history":[{"count":0,"href":"https:\/\/www.windland.ch\/wordpress\/index.php?rest_route=\/wp\/v2\/posts\/3117\/revisions"}],"wp:attachment":[{"href":"https:\/\/www.windland.ch\/wordpress\/index.php?rest_route=%2Fwp%2Fv2%2Fmedia&parent=3117"}],"wp:term":[{"taxonomy":"category","embeddable":true,"href":"https:\/\/www.windland.ch\/wordpress\/index.php?rest_route=%2Fwp%2Fv2%2Fcategories&post=3117"},{"taxonomy":"post_tag","embeddable":true,"href":"https:\/\/www.windland.ch\/wordpress\/index.php?rest_route=%2Fwp%2Fv2%2Ftags&post=3117"}],"curies":[{"name":"wp","href":"https:\/\/api.w.org\/{rel}","templated":true}]}}