{"id":3103,"date":"2012-08-21T06:29:50","date_gmt":"2012-08-21T06:29:50","guid":{"rendered":"http:\/\/www.windland.ch\/wordpress\/?p=3103"},"modified":"2012-11-10T12:10:32","modified_gmt":"2012-11-10T12:10:32","slug":"enercon-larmt-mit-pulsgehalt-das-ist-richterlich-festgelegt","status":"publish","type":"post","link":"https:\/\/www.windland.ch\/wordpress\/?p=3103","title":{"rendered":"ENERCON l\u00e4rmt mit Pulsgehalt, das ist richterlich festgelegt"},"content":{"rendered":"<p>Erinnern wir uns an die Aussagen der Suisse Eole in ihrer Werbebrosch\u00fcre &#8222;<a href=\"http:\/\/windland.ch\/doku_wind\/eole-info\/21-eole-info-d.pdf\" target=\"_blank\">Eole-Info Nr. 21<\/a>&#8220; und an den Artikel in diesem Blog mit dem Titel &#8222;<a href=\"http:\/\/windland.ch\/wordpress\/2011\/08\/09\/die-uneinsichtigkeit-ist-das-geschaftsmodell\/\">Die Uneinsichtigkeit ist das Gesch\u00e4ftsmodell<\/a>&#8222;. Der Windradhersteller ENERCON und auch die Suisse Eole haben immer behauptet, es g\u00e4be keine sogenannte Impulshaltigkeit im L\u00e4rm von Windr\u00e4dern. Jetzt sagt das <a href=\"http:\/\/www.donaukurier.de\/lokales\/neuburg\/Neuburg-mobilartikel-wochennl332012-Prozess-verloren;art1763,2643384\" target=\"_blank\">Oberlandgericht M\u00fcnchen<\/a> abschliessend <a href=\"http:\/\/windland.ch\/wordpress\/2011\/03\/03\/urteil-verwaltungsgericht-bestatigt-larmrichtwertzuschlag-durch-impulshaltigen-larm\/\">und nicht das erste Mal<\/a> klar, dass dem nicht so ist. Es hat die einseitigen Windmessungen der Betreiber und Hersteller zur\u00fcckgewiesen <em><strong>und sagt abschliessend klipp und klar<\/strong><\/em>, dass Anlagen vom Typ ENERCON 82 \u00fcber diese L\u00e4rmeigenschaft verf\u00fcgen und deshalb <strong><em>ein Zuschlag von 3dB<\/em><\/strong> f\u00fcr die L\u00e4rmbelastung zul\u00e4ssig ist. Zitat aus dem <a href=\"http:\/\/www.donaukurier.de\/lokales\/neuburg\/Neuburg-mobilartikel-wochennl332012-Prozess-verloren;art1763,2643384\" target=\"_blank\">Donaukurier vom 14. August 2012<\/a>:<\/p>\n<blockquote><p><em>&#8222;Unter diesem Schallph\u00e4nomen versteht man ein amplitudenartiges Ger\u00e4usch. Es steige schnell an und falle rapide wieder ab \u201ewie ein Hammerschlag\u201c, so die Richter.&#8220;<\/em><\/p><\/blockquote>\n<h3 style=\"text-align: left;\">L\u00fcgen haben kurze Beine<\/h3>\n<p>Die Suisse Eole hat im November 2010 in \u00fcblicher Manier irgendeine unauffindbare Studie zitiert, die den Windr\u00e4dern jeglichen Impulsgehalt abgesprochen haben (<a href=\"http:\/\/windland.ch\/doku_wind\/eole-info\/21-eole-info-d.pdf\" target=\"_blank\">Eole-Info Nr. 21<\/a>). Sie hat sich dabei klar gegen <a href=\"http:\/\/windland.ch\/doku_wind\/Bericht_Laerrmermittlung_und_Massnahmen_zur_Emissionsbegrenzung_bei_WKA_Empa_2010_29.pdf\" target=\"_blank\">die ebenfalls eindeutigen Aussagen der EMPA <\/a>gestellt, die dieses Ph\u00e4nomen sogar mit einem Zuschlag von 4 dB ber\u00fccksichtigt. Im Gegensatz zur Suisse Eole hat die EMPA diese Aussage wissenschaftlich fundiert und liegt damit in einer klaren Linie mit den meisten professionellen Akustikern dieser Welt. Es war schon damals offensichtlich, dass die <a href=\"http:\/\/windland.ch\/wordpress\/2012\/06\/28\/ein-guter-knecht-mit-einer-problematischen-idee-ja\/\">Marketingfirma IDEJA<\/a> wieder mal eine durch das Bundesamt f\u00fcr Energie indirekt bezahlte Werbekampagne lanciert hat. Der Wahrheitsgehalt von Werbung ist uns hinl\u00e4nglich bekannt. Das Problem dabei ist nur, dass sowohl die Bundesbeh\u00f6rden und auch die Suisse Eole diese Falschinformation als &#8222;Expertenmeinung&#8220; verkauft haben. Die &#8222;Experten&#8220; des Bundes und der Suisse Eole haben sich ein weiteres Mal selber zum Gesp\u00f6tt gemacht. Zitat <a href=\"http:\/\/windland.ch\/doku_wind\/eole-info\/21-eole-info-d.pdf\" target=\"_blank\">Eole-Info Nr. 21<\/a>:<\/p>\n<blockquote><p><em>&#8222;Deutsche Experten kommen <strong>vor dem Erfahrungshintergrund von 20 000 installierten Windenergieanlagen und auf Basis <span style=\"color: #ff0000;\">gr\u00fcndlicher Messungen<\/span> zu ganz anderen Schl\u00fcssen<\/strong>. Ein 40-seitiger Bericht, wiederum aus Nordrhein-Westfalen, dokumentiert die Messungen an einer Enercon E-70. Das leicht an- und abschwellende Ger\u00e4usch wird sowohl subjektiv als auch aufgrund eines standardisierten Messverfahrens (Referenzmesspunkt im Abstand von 134 m von der\u00a0 Rotorebene; Differenz zwischen Taktmaximalpegel und Mittelungspegel) als weder ton- noch impulshaltig eingestuft. <strong><span style=\"color: #ff0000;\">\u00dcbertragen auf Schweizer Verh\u00e4ltnisse heisst das: Die Pegelkorrektur ist gleich 0 dB zu setzen. Punkt.<\/span><\/strong><span style=\"color: #ff0000;\"><span style=\"color: #000000;\">&#8222;<\/span><\/span><\/em><\/p><\/blockquote>\n<p>Mit dieser Falschaussage hat sich die Suisse Eole endg\u00fcltig auf die Ebene der Spr\u00fccheklopfer- und Stammtischmentalit\u00e4t begeben. Politiker und Beh\u00f6rden, die sich von dieser billigen Lobbyorganisation weiterhin beraten lassen, kann man nicht l\u00e4nger als ernsthafte Partner f\u00fcr die Energiediskussion bezeichnen.<\/p>\n<h3>Das Bundesgericht sieht es auch so<\/h3>\n<p>Auch das schweizerische Bundesgericht hat <a href=\"http:\/\/windland.ch\/wordpress\/2011\/07\/29\/bundesgericht-windradlarm-ist-ernst-zu-nehmen\/\">diese h\u00e4rtere Linie vor kurzem unterst\u00fctzt<\/a>. Es \u00e4ussert sich ebenfalls klar zu einer qualitativen Verbesserung der get\u00e4tigten Windmessungen und bezeichnet die bisherigen Messungen der Betreiber als ungen\u00fcgend. Die Suisse Eole sieht sich je l\u00e4nger je mehr isoliert in ihrer fachlichen Inkompetenz. Man kann sich nur wundern, dass das Bundesamt f\u00fcr Energie immer noch mit diesen Leuten zusammenarbeitet und diese schwache Leistung namens &#8222;Akzeptanzf\u00f6rderung f\u00fcr Windkraft&#8220; auch noch mit j\u00e4hrlichen CHF 500&#8217;000.- honoriert. Das kann man nur mit dem Wort &#8222;Filz&#8220; erkl\u00e4ren. Unsere Bundes\u00e4mter sind in letzter Zeit stark unter Druck geraten, weil sich Beamte keinen Dreck um interne Beschaffungsvorschriften k\u00fcmmern, ihren Verwandten Jobs verschaffen und ihren Freunden Subventionen zuhalten. Im Bundesamt f\u00fcr Energie sitzen die Vertreter der Windradbetreiber und tun alles, um ihren Sponsoren die W\u00fcnsche von den Lippen abzulesen und sofort umzusetzen. Ein verwirrter Bundesrat unterschreibt alle Vorlagen aus den Tiefen der Korruption, weil er fachlich auf diese Leute angewiesen ist. Die wendeh\u00e4lsigen Politiker des National- und St\u00e4nderats \u00fcberspielen ihre Inkompetenz mit grossartigen gr\u00fcnen Parolen.<\/p>\n<h4 style=\"text-align: center;\"><em><span style=\"color: #008000;\">Wer sagt dem Kaiser, dass er keine Kleider tr\u00e4gt?<\/span><\/em><\/h4>\n<h4 style=\"text-align: center;\"><em><span style=\"color: #008000;\">Es findet sich niemand, der das tun k\u00f6nnte.<\/span><\/em><\/h4>\n<h4 style=\"text-align: center;\"><em><span style=\"color: #008000;\">Auch die Minister haben keine mehr.<\/span><\/em><\/h4>\n<p>Lesen Sie dazu passend: <a href=\"http:\/\/windland.ch\/wordpress\/2010\/10\/01\/des-kaisers-neues-windrad\/\" target=\"_blank\">Des Kaisers neues Windrad<\/a><\/p>\n","protected":false},"excerpt":{"rendered":"<p>Erinnern wir uns an die Aussagen der Suisse Eole in ihrer Werbebrosch\u00fcre &#8222;Eole-Info Nr. 21&#8220; und an den Artikel in diesem Blog mit dem Titel &#8222;Die Uneinsichtigkeit ist das Gesch\u00e4ftsmodell&#8222;. Der Windradhersteller ENERCON und auch die Suisse Eole haben immer behauptet, es g\u00e4be keine sogenannte Impulshaltigkeit im L\u00e4rm von Windr\u00e4dern. Jetzt sagt das Oberlandgericht M\u00fcnchen [&hellip;]<\/p>\n","protected":false},"author":2,"featured_media":0,"comment_status":"closed","ping_status":"open","sticky":false,"template":"","format":"standard","meta":{"footnotes":""},"categories":[1,30,4,14,9,10],"tags":[],"class_list":["post-3103","post","type-post","status-publish","format-standard","hentry","category-allgemein","category-fanatismus-der-okofundis","category-gesundheitsgefahrdung","category-larmbelastung","category-die-profiteure-von-windkraft","category-windmessungen"],"_links":{"self":[{"href":"https:\/\/www.windland.ch\/wordpress\/index.php?rest_route=\/wp\/v2\/posts\/3103","targetHints":{"allow":["GET"]}}],"collection":[{"href":"https:\/\/www.windland.ch\/wordpress\/index.php?rest_route=\/wp\/v2\/posts"}],"about":[{"href":"https:\/\/www.windland.ch\/wordpress\/index.php?rest_route=\/wp\/v2\/types\/post"}],"author":[{"embeddable":true,"href":"https:\/\/www.windland.ch\/wordpress\/index.php?rest_route=\/wp\/v2\/users\/2"}],"replies":[{"embeddable":true,"href":"https:\/\/www.windland.ch\/wordpress\/index.php?rest_route=%2Fwp%2Fv2%2Fcomments&post=3103"}],"version-history":[{"count":0,"href":"https:\/\/www.windland.ch\/wordpress\/index.php?rest_route=\/wp\/v2\/posts\/3103\/revisions"}],"wp:attachment":[{"href":"https:\/\/www.windland.ch\/wordpress\/index.php?rest_route=%2Fwp%2Fv2%2Fmedia&parent=3103"}],"wp:term":[{"taxonomy":"category","embeddable":true,"href":"https:\/\/www.windland.ch\/wordpress\/index.php?rest_route=%2Fwp%2Fv2%2Fcategories&post=3103"},{"taxonomy":"post_tag","embeddable":true,"href":"https:\/\/www.windland.ch\/wordpress\/index.php?rest_route=%2Fwp%2Fv2%2Ftags&post=3103"}],"curies":[{"name":"wp","href":"https:\/\/api.w.org\/{rel}","templated":true}]}}