{"id":1959,"date":"2011-04-01T08:00:37","date_gmt":"2011-04-01T08:00:37","guid":{"rendered":"http:\/\/www.windland.ch\/wordpress\/?p=1959"},"modified":"2011-04-18T05:36:50","modified_gmt":"2011-04-18T05:36:50","slug":"suisse-eole-jetzt-handelt-man-endlich-private-windparks-in-den-eigenen-vorgaerten-als-ultimative-loesung","status":"publish","type":"post","link":"https:\/\/www.windland.ch\/wordpress\/?p=1959","title":{"rendered":"Suisse Eole: Jetzt handelt man endlich &#8211; private Windparks in den eigenen Vorg\u00e4rten als ultimative L\u00f6sung"},"content":{"rendered":"<h3>Eine kleine Sensation<\/h3>\n<p>Die Aktivisten der Windradlobby gehen aufgrund der Geschehnisse in Japan in die Offensive! Wie Reto Rigassi, Gesch\u00e4ftsf\u00fchrer der Suisse Eole\u00a0 heute an einer eigens einberufenen Pressekonferenz mitteilt, wollen die privaten Exponenten endlich vorw\u00e4rts machen mit dem Aufstellen von Windkraftanlagen. Es sei absolut notwendig, zur Rettung unserer Zivilisation, dass jetzt etwas geschehe und die Visionen umgesetzt w\u00fcrden!<\/p>\n<p>Wie sieht das nun im Detail aus?<\/p>\n<p>Weil alle Windparkprojekte grundlos bek\u00e4mpft w\u00fcrden, h\u00e4tten sich nun viele Idealisten dazu aufgerafft, die geplanten Windr\u00e4der in ihrer unmittelbaren N\u00e4he zu bauen. Reto Rigassi geht voran:<\/p>\n<blockquote><p><em>&#8222;In meinem Garten hat es zwar lediglich 100 m2 freie Fl\u00e4che. Aber das gen\u00fcgt ja vollends f\u00fcr eine Grosswindanlage. Ich habe der Baubewilligung eine selber verfasste Betriebsrechnung beigelegt. Diese liegt nun auf der Wohngemeinde zur Einsicht auf.&#8220;<\/em><\/p><\/blockquote>\n<p>Es soll eine Vestas V90 gebaut werden. Reto Rigassi kann damit nicht nur sich selber, sondern auch 1&#8217;000 (Eintausend) weitere Nachbarn bedienen. Weitere Exponenten wollen es Reto Rigassi gleichtun. So meldet sich Eric Nussbaumer, Beat Jans, Robert Horbaty, Markus Geissmann, Michael Kaufmann, Robert Cramer und viele andere Windradfreunde zum gleichen Tun an. Ihre Vorg\u00e4rten w\u00fcrden sie gerne opfern, sagen sie alle unisono.<\/p>\n<p>Auf die m\u00f6glichen Emissionen der Anlagen angesprochen, reagiert Reto Rigassi etwas ungehalten:<\/p>\n<blockquote><p><em>&#8222;Seit Jahren werden unbewiesene Behauptungen wie L\u00e4rm, Infraschall, Eiswurf und mangelnde Effizienz vor allem von der IG WINDLAND, aber auch von der neu gegr\u00fcndeten Organisation &#8222;Paysage Libre &#8211; Freie Landschaft&#8220; erhoben. Wir wollen jetzt damit beweisen, dass dem nicht so ist. Windr\u00e4der sind Symbole der Ruhe und Harmonie. Wir sind alle stolz, anstelle eines langweiligen Gartenh\u00e4uschens nun \u00fcber solch tolle Anlagen verf\u00fcgen zu d\u00fcrfen.&#8220;<\/em><\/p><\/blockquote>\n<p>Das Vorbild hat schon Schule gemacht. In der Gemeinde Remetschwil wollen die Windradunternehmer Theresia Meier-Wettstein und ihr Kollege Anton Friedrich dasselbe tun.<\/p>\n<blockquote><p><em>&#8222;Unsere Vision war schon immer von Uneigenn\u00fctzigkeit und wahrer Sorge um die Natur verbunden. Es ist nichts als billig, wenn wir jetzt vorangehen und jeweils eine urspr\u00fcnglich auf dem Heitersberg geplante Anlage des Typs ENERCON 82 bauen. Die Baueingabe f\u00fcr den Heitersberg ziehen wir zur\u00fcck und verfassen jeweils eine Neue f\u00fcr unsere sch\u00f6nen Gartenwindanlagen. Den Strom geben wir gerne gratis an alle Remetschwiler ab, denn wir erhalten ihn ja ebenfalls kostenlos von der Sch\u00f6pfung.&#8220;<\/em><\/p><\/blockquote>\n<p>Christof Merkli von der lokalen Gegnerschaft, darauf angesprochen, findet diese Idee hervorragend. Er habe schon immer gewusst, dass in den K\u00f6pfen der Windbauern eigentlich ganz anst\u00e4ndige Absichten hausen w\u00fcrden. Er entschuldigt sich f\u00fcr seine teils massiven Angriffe auf den geplanten Windpark auf dem Heitersberg:<\/p>\n<blockquote><p><em>&#8222;Es ist, wie Frau Meier-Wettstein schon fr\u00fcher gesagt hat: Man muss miteinander diskutieren, dann ergeben sich ganz tolle M\u00f6glichkeiten f\u00fcr die Rettung unseres Planeten und unserer Sch\u00f6pfung.&#8220;<\/em><\/p><\/blockquote>\n<p>Weiter f\u00fchrt er aus, er habe sich wahrscheinlich hier ziemlich get\u00e4uscht und blickt bei diesen Worten leicht besch\u00e4mt zu Boden. Er findet die zwei neuen Standorte ideal:<\/p>\n<p><a rel=\"attachment wp-att-1966\" href=\"http:\/\/windland.ch\/wordpress\/2011\/04\/01\/suisse-eole-jetzt-handelt-man-endlich-private-windparks-in-den-eigenen-vorgaerten-als-ultimative-loesung\/e82-meier\/\"><\/a><a rel=\"attachment wp-att-1969\" href=\"http:\/\/windland.ch\/wordpress\/2011\/04\/01\/suisse-eole-jetzt-handelt-man-endlich-private-windparks-in-den-eigenen-vorgaerten-als-ultimative-loesung\/e82-meier-2\/\"><img loading=\"lazy\" decoding=\"async\" class=\"aligncenter size-full wp-image-1969\" title=\"e82-meier\" src=\"http:\/\/windland.ch\/wordpress\/wp-content\/uploads\/e82-meier1.jpg\" alt=\"\" width=\"350\" height=\"223\" srcset=\"https:\/\/www.windland.ch\/wordpress\/wp-content\/uploads\/e82-meier1.jpg 350w, https:\/\/www.windland.ch\/wordpress\/wp-content\/uploads\/e82-meier1-150x95.jpg 150w, https:\/\/www.windland.ch\/wordpress\/wp-content\/uploads\/e82-meier1-300x191.jpg 300w, https:\/\/www.windland.ch\/wordpress\/wp-content\/uploads\/e82-meier1-140x89.jpg 140w\" sizes=\"auto, (max-width: 350px) 100vw, 350px\" \/><\/a><\/p>\n<h3>Der F\u00f6rderverein Windenergie Aargau macht auch mit<\/h3>\n<p>Thomas Leitlein vom &#8222;<em>F\u00f6rderverein Windenergie Aargau<\/em>&#8220; will auch nicht zur\u00fcckstehen. &#8222;<em>Es ist traurig, dass das Gem\u00fcsebeet umgepfl\u00fcgt wird<\/em>&#8222;. Er sei sich aber bewusst, dass seine Taten der Sch\u00f6pfung gut tun w\u00fcrden und das ihm diese kleinen Nachteile wie Eiswurf und Schattenwurf\u00a0 millionenfach verg\u00fctet werden. Gott habe ein wohlwollendes Auge auf ihn und alle Gleichgesinnten geworfen. Ehrlichkeit und Aufrichtigkeit w\u00fcrden auf jeden Fall Oberhand gewinnen, da sei er sicher. Mit den Nachbarn habe er noch nicht gesprochen. Aber das sei reine Frommsache.<\/p>\n<p>So werden die Visionen der Windkraftfreunde doch noch Realit\u00e4t. Kann damit die leidige Diskussion um Windkraft endlich abgeschlossen werden? Wir hoffen es!<\/p>\n<h3>Fr\u00e9dy Froidevaux sieht sich best\u00e4tigt<\/h3>\n<p>In St. Brais wurde vor \u00fcber einem Jahr schon eine Anlage in der unmittelbaren N\u00e4he eines Windradfreundes aufgestellt. Der Gemeindepr\u00e4sident war der eigentliche Vorreiter der &#8222;<em>Vorgartentechnik<\/em>&#8222;, die sich nun wahrscheinlich in ganz Europa schnell ausbreiten wird.<\/p>\n<blockquote><p><em>&#8222;Wir sind stolz, dass wir diese Anlagen inmitten unserer Postkartenidille bauen durften. Obwohl immer wieder der Vorwurf von Bestechung und investiertem Schwarzgeld aus den Caiman Islands in der Presse erscheinen, lassen wir uns davon nicht abhalten. Wir sind stolz!&#8220;<\/em><\/p><\/blockquote>\n<h3>18.4.2011 &#8211; Aprilscherz<\/h3>\n<p>Es war eigentlich offensichtlich &#8211; aber wir erw\u00e4hnen es sicherheitshalber trotzdem: Dies war unser Aprilscherz des Jahres 2011. Oder hat jemand wirklich geglaubt, dass die Exponenten der Windradlobby in ihren eigenen G\u00e4rten solche Monstermaschinen aufstellen w\u00fcrden? Nicht einmal in ihre N\u00e4he lassen sie diese Industrianlagen &#8211; sie wissen genau, welche Nachteile daraus erwachsen. Das mutet man nur anderen Leuten zu und bezeichnet sie gerne als Egoisten, die solche Anlagen nicht in ihrer N\u00e4he haben wollen &#8211; eine Umkehrung der Tatsachen, wie sie bei diesen Ideologen leider zur Tagesordnung geh\u00f6rt. <em><br \/>\n<\/em><\/p>\n","protected":false},"excerpt":{"rendered":"<p>Eine kleine Sensation Die Aktivisten der Windradlobby gehen aufgrund der Geschehnisse in Japan in die Offensive! Wie Reto Rigassi, Gesch\u00e4ftsf\u00fchrer der Suisse Eole\u00a0 heute an einer eigens einberufenen Pressekonferenz mitteilt, wollen die privaten Exponenten endlich vorw\u00e4rts machen mit dem Aufstellen von Windkraftanlagen. Es sei absolut notwendig, zur Rettung unserer Zivilisation, dass jetzt etwas geschehe und [&hellip;]<\/p>\n","protected":false},"author":257,"featured_media":0,"comment_status":"closed","ping_status":"open","sticky":false,"template":"","format":"standard","meta":{"footnotes":""},"categories":[1,15,6,18,20,5],"tags":[],"class_list":["post-1959","post","type-post","status-publish","format-standard","hentry","category-allgemein","category-alternativen-zu-windkraft","category-bestehende-standorte-schweiz","category-windpark-heitersberg","category-personen-und-dialoge","category-wo-windrader-sinn-machen"],"_links":{"self":[{"href":"https:\/\/www.windland.ch\/wordpress\/index.php?rest_route=\/wp\/v2\/posts\/1959","targetHints":{"allow":["GET"]}}],"collection":[{"href":"https:\/\/www.windland.ch\/wordpress\/index.php?rest_route=\/wp\/v2\/posts"}],"about":[{"href":"https:\/\/www.windland.ch\/wordpress\/index.php?rest_route=\/wp\/v2\/types\/post"}],"author":[{"embeddable":true,"href":"https:\/\/www.windland.ch\/wordpress\/index.php?rest_route=\/wp\/v2\/users\/257"}],"replies":[{"embeddable":true,"href":"https:\/\/www.windland.ch\/wordpress\/index.php?rest_route=%2Fwp%2Fv2%2Fcomments&post=1959"}],"version-history":[{"count":0,"href":"https:\/\/www.windland.ch\/wordpress\/index.php?rest_route=\/wp\/v2\/posts\/1959\/revisions"}],"wp:attachment":[{"href":"https:\/\/www.windland.ch\/wordpress\/index.php?rest_route=%2Fwp%2Fv2%2Fmedia&parent=1959"}],"wp:term":[{"taxonomy":"category","embeddable":true,"href":"https:\/\/www.windland.ch\/wordpress\/index.php?rest_route=%2Fwp%2Fv2%2Fcategories&post=1959"},{"taxonomy":"post_tag","embeddable":true,"href":"https:\/\/www.windland.ch\/wordpress\/index.php?rest_route=%2Fwp%2Fv2%2Ftags&post=1959"}],"curies":[{"name":"wp","href":"https:\/\/api.w.org\/{rel}","templated":true}]}}