{"id":1288,"date":"2010-08-18T22:03:43","date_gmt":"2010-08-18T22:03:43","guid":{"rendered":"http:\/\/www.windland.ch\/wordpress\/?p=1288"},"modified":"2011-01-03T19:10:03","modified_gmt":"2011-01-03T19:10:03","slug":"solidarite-avec-saint-brais","status":"publish","type":"post","link":"https:\/\/www.windland.ch\/wordpress\/?p=1288","title":{"rendered":"Solidarit\u00e9&#8230; avec Saint Brais"},"content":{"rendered":"<p>Pascale Hoffmeyer, Saint Brais, 18\u00e8me Ao\u00fbt 2010<\/p>\n<p>J&#8217;envoie ce message \u00e0 tous les contacts:<\/p>\n<p>Depuis samedi les \u00e9oliennes de Saint-Brais tournent \u00e0 plein r\u00e9gime. Si\u00a0 l&#8217;on passe la journ\u00e9e \u00e0 la maison, la situation devient tr\u00e8s p\u00e9nible:<br \/>\nMaux de t\u00eate, de nuque, tension, palpitations. Philippe, Maude et moi-m\u00eame sommes touch\u00e9s par ces sympt\u00f4mes. Nous nous retrouvons exactement dans la m\u00eame situation qu&#8217;il y a trois mois lorsqu&#8217;elles tournaient r\u00e9guli\u00e8rement. La situation de notre appartement fait que ces machines tournent devant nos fen\u00eatres et percutent les murs de notre maison.\u00a0 Nous sommes fatigu\u00e9s. J&#8217;ai \u00e9cris 5 fois \u00e0 ADEV. Mais ils ne baissent pas le r\u00e9gime de leurs moulin \u00e0 fric, s\u00fbrement pour rattraper les semaines calmes d&#8217;avant.<\/p>\n<p>J&#8217;ai un service \u00e0 vous demander: Puisque ADEV, et Monsieur Appenzeller, ne r\u00e9pondent plus \u00e0 nos messages et n&#8217;interviennent pas  comme promis lorsque le bruit est trop p\u00e9nible, je vous demande de leur envoyer chacun un message de protestation et de solidarit\u00e9 \u00e0 notre \u00e9gard. Et vous, \u00a0les habitants de Saint-Brais, un message pour les prier de ralentir leurs machines.<\/p>\n<p>Ce serait vraiment sympa et cela leur montrerait que nous ne sommes pas seuls \u00e0 nous plaindre comme il l&#8217;ont dit \u00e0 la presse.<\/p>\n<blockquote><p>andreas.appenzeller@adev.ch<\/p><\/blockquote>\n<p>Merci&#8230;<br \/>\nPascale<\/p>\n","protected":false},"excerpt":{"rendered":"<p>Pascale Hoffmeyer, Saint Brais, 18\u00e8me Ao\u00fbt 2010 J&#8217;envoie ce message \u00e0 tous les contacts: Depuis samedi les \u00e9oliennes de Saint-Brais tournent \u00e0 plein r\u00e9gime. Si\u00a0 l&#8217;on passe la journ\u00e9e \u00e0 la maison, la situation devient tr\u00e8s p\u00e9nible: Maux de t\u00eate, de nuque, tension, palpitations. Philippe, Maude et moi-m\u00eame sommes touch\u00e9s par ces sympt\u00f4mes. Nous nous [&hellip;]<\/p>\n","protected":false},"author":2,"featured_media":0,"comment_status":"closed","ping_status":"open","sticky":false,"template":"","format":"standard","meta":{"footnotes":""},"categories":[1],"tags":[],"class_list":["post-1288","post","type-post","status-publish","format-standard","hentry","category-allgemein"],"_links":{"self":[{"href":"https:\/\/www.windland.ch\/wordpress\/index.php?rest_route=\/wp\/v2\/posts\/1288","targetHints":{"allow":["GET"]}}],"collection":[{"href":"https:\/\/www.windland.ch\/wordpress\/index.php?rest_route=\/wp\/v2\/posts"}],"about":[{"href":"https:\/\/www.windland.ch\/wordpress\/index.php?rest_route=\/wp\/v2\/types\/post"}],"author":[{"embeddable":true,"href":"https:\/\/www.windland.ch\/wordpress\/index.php?rest_route=\/wp\/v2\/users\/2"}],"replies":[{"embeddable":true,"href":"https:\/\/www.windland.ch\/wordpress\/index.php?rest_route=%2Fwp%2Fv2%2Fcomments&post=1288"}],"version-history":[{"count":0,"href":"https:\/\/www.windland.ch\/wordpress\/index.php?rest_route=\/wp\/v2\/posts\/1288\/revisions"}],"wp:attachment":[{"href":"https:\/\/www.windland.ch\/wordpress\/index.php?rest_route=%2Fwp%2Fv2%2Fmedia&parent=1288"}],"wp:term":[{"taxonomy":"category","embeddable":true,"href":"https:\/\/www.windland.ch\/wordpress\/index.php?rest_route=%2Fwp%2Fv2%2Fcategories&post=1288"},{"taxonomy":"post_tag","embeddable":true,"href":"https:\/\/www.windland.ch\/wordpress\/index.php?rest_route=%2Fwp%2Fv2%2Ftags&post=1288"}],"curies":[{"name":"wp","href":"https:\/\/api.w.org\/{rel}","templated":true}]}}